{"id":2199,"date":"2017-12-25T10:29:14","date_gmt":"2017-12-25T10:29:14","guid":{"rendered":"http:\/\/ogv-karben.de\/?p=2199"},"modified":"2017-12-25T10:29:14","modified_gmt":"2017-12-25T10:29:14","slug":"testbb","status":"publish","type":"post","link":"https:\/\/ogv-karben.de\/?p=2199","title":{"rendered":"testBB"},"content":{"rendered":"<style type=\"text\/css\" scoped=\"scoped\">#g1-section-1.g1-section {background-repeat:repeat; background-position:center top; background-attachment:static;}<\/style><div id=\"g1-section-1\" class=\"g1-section \"><div class=\"g1-layout-inner\">\n<hr \/>\n<h4>Wir vom OGV Karben sind Faschings &#8211; Enthusiasten und Naturfreunde<\/h4>\n<p>Aktiv in die regionale Sozialkultur eingebunden, setzen wir uns hier in Karben f\u00fcr die Gartenkultur ein und pflegen seit \u00fcber 50 Jahren die lokale Faschingstradition. Dazu geh\u00f6ren seit 1969 auch die OGV Faschingssitzungen.<\/p>\n<ul class=\"g1-grid\"><li class=\"g1-column g1-two-third g1-valign-top\">\n<h5 style=\"text-align: center;\"><span style=\"color: #daf363;\">Bunte Faschingssitzung 2016 \u2013 gelebte Tradition seit bald 50 Jahren<\/span><\/h5>\n<div style=\"width: 640px;\" class=\"wp-video\"><video class=\"wp-video-shortcode\" id=\"video-2199-1\" width=\"640\" height=\"360\" preload=\"metadata\" controls=\"controls\"><source type=\"video\/mp4\" src=\"http:\/\/ogv-karben.de\/wp-content\/uploads\/2016\/11\/IMG_0015.mp4?_=1\" \/><a href=\"http:\/\/ogv-karben.de\/wp-content\/uploads\/2016\/11\/IMG_0015.mp4\">http:\/\/ogv-karben.de\/wp-content\/uploads\/2016\/11\/IMG_0015.mp4<\/a><\/video><\/div>\n<\/li><!-- -->\n<li class=\"g1-column g1-one-third g1-valign-top\">\n<span id=\"g1-space-1\" class=\"g1-space \" style=\"height:5em;\"><\/span>\n<h4 style=\"text-align: left;\"><span style=\"color: #ffffff;\">Unsere n\u00e4rrische Tradition <\/span><\/h4>\n<p>Die &#8216;Schilda &#8211; Singers&#8217; waren eine 7-k\u00f6pfige Musikgruppe, die damals das \u201cDamen- &amp; M\u00e4nnerballett\u201d gr\u00fcndeten und bei Sitzungen mit Einlagen f\u00fcr Stimmung sorgten. Die idealen Trainingsbedingungen im Vereinshaus zogen rasch weitere Faschingsgruppen an.<\/p>\n<p>So fing eine Tradition an, die in der Narrenzeit im Verein f\u00fcr viel Aufregung sorgt und allen Beteiligten &#8211; auch der heutigen Generation &#8211; einen rie\u00dfen Spa\u00df bereitet.<\/p>\n<\/li><!-- --><\/ul>\n<\/div><\/div>\n","protected":false},"excerpt":{"rendered":"","protected":false},"author":2,"featured_media":0,"comment_status":"open","ping_status":"open","sticky":false,"template":"","format":"standard","meta":{"footnotes":""},"categories":[1],"tags":[],"class_list":{"0":"post-2199","1":"post","2":"type-post","3":"status-publish","4":"format-standard","6":"category-uncategorized"},"_links":{"self":[{"href":"https:\/\/ogv-karben.de\/index.php?rest_route=\/wp\/v2\/posts\/2199","targetHints":{"allow":["GET"]}}],"collection":[{"href":"https:\/\/ogv-karben.de\/index.php?rest_route=\/wp\/v2\/posts"}],"about":[{"href":"https:\/\/ogv-karben.de\/index.php?rest_route=\/wp\/v2\/types\/post"}],"author":[{"embeddable":true,"href":"https:\/\/ogv-karben.de\/index.php?rest_route=\/wp\/v2\/users\/2"}],"replies":[{"embeddable":true,"href":"https:\/\/ogv-karben.de\/index.php?rest_route=%2Fwp%2Fv2%2Fcomments&post=2199"}],"version-history":[{"count":1,"href":"https:\/\/ogv-karben.de\/index.php?rest_route=\/wp\/v2\/posts\/2199\/revisions"}],"predecessor-version":[{"id":2200,"href":"https:\/\/ogv-karben.de\/index.php?rest_route=\/wp\/v2\/posts\/2199\/revisions\/2200"}],"wp:attachment":[{"href":"https:\/\/ogv-karben.de\/index.php?rest_route=%2Fwp%2Fv2%2Fmedia&parent=2199"}],"wp:term":[{"taxonomy":"category","embeddable":true,"href":"https:\/\/ogv-karben.de\/index.php?rest_route=%2Fwp%2Fv2%2Fcategories&post=2199"},{"taxonomy":"post_tag","embeddable":true,"href":"https:\/\/ogv-karben.de\/index.php?rest_route=%2Fwp%2Fv2%2Ftags&post=2199"}],"curies":[{"name":"wp","href":"https:\/\/api.w.org\/{rel}","templated":true}]}}